{"id":2157,"date":"2020-08-03T17:31:08","date_gmt":"2020-08-03T15:31:08","guid":{"rendered":"http:\/\/www.miggins.ch\/?p=2157"},"modified":"2026-03-19T09:45:06","modified_gmt":"2026-03-19T08:45:06","slug":"reportage-tf1-valais","status":"publish","type":"post","link":"https:\/\/www.miggins.ch\/de\/reportage-tf1-valais\/","title":{"rendered":"Reportage TF1 sur le Valais"},"content":{"rendered":"<p>[et_pb_section fb_built=&#8221;1&#8243; _builder_version=&#8221;4.16&#8243; custom_margin=&#8221;0px||||false|false&#8221; custom_padding=&#8221;0px||0px||true|false&#8221; global_colors_info=&#8221;{}&#8221;][et_pb_row _builder_version=&#8221;4.16&#8243; _module_preset=&#8221;default&#8221; global_colors_info=&#8221;{}&#8221;][et_pb_column type=&#8221;4_4&#8243; _builder_version=&#8221;4.16&#8243; _module_preset=&#8221;default&#8221; global_colors_info=&#8221;{}&#8221;][et_pb_image src=&#8221;https:\/\/www.miggins.ch\/wp-content\/uploads\/2020\/08\/Reportage-TF1-sur-le-Valais.jpg&#8221; alt=&#8221;Reportage TF1 sur le Valais&#8221; title_text=&#8221;Reportage TF1 sur le Valais&#8221; _builder_version=&#8221;4.27.4&#8243; _module_preset=&#8221;default&#8221; width=&#8221;90%&#8221; module_alignment=&#8221;center&#8221; global_colors_info=&#8221;{}&#8221;][\/et_pb_image][et_pb_text _builder_version=&#8221;4.16&#8243; text_font_size=&#8221;15px&#8221; background_size=&#8221;initial&#8221; background_position=&#8221;top_left&#8221; background_repeat=&#8221;repeat&#8221; global_colors_info=&#8221;{}&#8221;]<\/p>\n<p>Considered one of the most beautiful cantons in Switzerland, The canton of Valais was in the spotlight for a few minutes for five million viewers during TF1&#8217;s &#8220;20h00.&#8221; on the evening of Wednesday July 29.<\/p>\n<p>Indeed, that evening the television news of the first French channel broadcasted a superb four-minute report on the wonders that abound in the canton of Valaisl<\/p>\n<p>[\/et_pb_text][et_pb_text _builder_version=&#8221;4.16&#8243; text_font_size=&#8221;15px&#8221; background_size=&#8221;initial&#8221; background_position=&#8221;top_left&#8221; background_repeat=&#8221;repeat&#8221; global_colors_info=&#8221;{}&#8221;]<\/p>\n<p>An extract only of the beauty and the natural and cultural riches that the canton has to offer, TF1 has particularly encouraged the French to visit the canton of Valais via postcard-worthy shots.<\/p>\n<p>The suggested route begins with &#8220;the pride of the locals&#8221; and the symbol of Switzerland, the Matterhorn. Breathtaking views: &#8220;Incredibly beautiful&#8221; testifies a visitor.Indeed, it should be remembered that 46 peaks of 4000 meters are in the Canton of Valais, including of course the Matterhorn and Pointe Dufour, the highest peak in Switzerland.<\/p>\n<p>[\/et_pb_text][et_pb_image src=&#8221;https:\/\/www.miggins.ch\/wp-content\/uploads\/2020\/08\/16797938_1611899302158701_3049503486856318015_o.jpg&#8221; alt=&#8221;Reportage TF1&#8243; _builder_version=&#8221;4.16&#8243; _module_preset=&#8221;default&#8221; width=&#8221;80%&#8221; module_alignment=&#8221;center&#8221; global_colors_info=&#8221;{}&#8221;][\/et_pb_image][et_pb_text _builder_version=&#8221;4.16&#8243; text_font_size=&#8221;15px&#8221; background_size=&#8221;initial&#8221; background_position=&#8221;top_left&#8221; background_repeat=&#8221;repeat&#8221; global_colors_info=&#8221;{}&#8221;]<\/p>\n<p>Other unmissable in Valais are presented in their turn and each benefit from a nice spotlight: the Grande Dixence dam which is no less that the highest dam in Europe located in the town of H\u00e9r\u00e9mence, the Lac Saint L\u00e9onard, the largest underground lake Europe, and finally the Val d&#8217;H\u00e9rens and Evol\u00e8ne.<\/p>\n<p>At <a href=\"https:\/\/www.miggins.ch\/fr\/\" target=\"_blank\" rel=\"noopener\">Mrs Miggins<\/a> and <a href=\"https:\/\/alplifestyle.com\/\" target=\"_blank\" rel=\"noopener\">Alpine Lifestyle Partners<\/a> we also suggest to our guests to add to this wonderful program a stay in Champ\u00e9ry from where you can admire the Dents du Midi at 3257m2 and enjoy the immense Portes du Soleil area with its 650 km of downhill ski slopes in winter and 600 km of marked mountain bike trails in summer.<\/p>\n<p>[\/et_pb_text][et_pb_image src=&#8221;https:\/\/www.miggins.ch\/wp-content\/uploads\/2024\/10\/vtt-lelodge.jpg&#8221; alt=&#8221;Cycling in Alps&#8221; _builder_version=&#8221;4.27.2&#8243; _module_preset=&#8221;default&#8221; width=&#8221;80%&#8221; module_alignment=&#8221;center&#8221; global_colors_info=&#8221;{}&#8221;][\/et_pb_image][et_pb_text _builder_version=&#8221;4.27.4&#8243; text_font_size=&#8221;15px&#8221; background_size=&#8221;initial&#8221; background_position=&#8221;top_left&#8221; background_repeat=&#8221;repeat&#8221; hover_enabled=&#8221;0&#8243; global_colors_info=&#8221;{}&#8221; sticky_enabled=&#8221;0&#8243;]Then a very last stage of this tour, but not the least vibrant: the Val d&#8217;Anniviers!Awarded several times <a href=\"https:\/\/edition.cnn.com\/travel\/article\/europes-best-hidden-ski-resorts\/index.html\" target=\"_blank\" rel=\"noopener\">(TOP 10 of the prettiest ski resorts by CNN,<\/a> <a href=\"https:\/\/edition.cnn.com\/travel\/article\/europes-best-hidden-ski-resorts\/index.html\" target=\"_blank\" rel=\"noopener\">1st place for hidden ski resorts in Europe you should uncover<\/a>, Gold star for Raclette cheese &#8230;) and more particularly the village of Grimentz, perfect synthesis between authenticity, wooden chalets typical with its geraniums on the balcony and its unspoiled valleys.<\/p>\n<p>The emblematic queen fights (cows fights) and of course raclette (typical swiss meal) are not forgotten by the French channel and we all hope here in Valais that this highlighting of this paradise on earth will be the catalyst for many visits because, as mentioned in the report : It is difficult to resist such a beautiful invitation.[\/et_pb_text][\/et_pb_column][\/et_pb_row][et_pb_row _builder_version=&#8221;4.16&#8243; background_size=&#8221;initial&#8221; background_position=&#8221;top_left&#8221; background_repeat=&#8221;repeat&#8221; global_colors_info=&#8221;{}&#8221;][et_pb_column type=&#8221;4_4&#8243; _builder_version=&#8221;4.16&#8243; custom_padding=&#8221;|||&#8221; global_colors_info=&#8221;{}&#8221; custom_padding__hover=&#8221;|||&#8221;][et_pb_image src=&#8221;https:\/\/www.miggins.ch\/wp-content\/uploads\/2021\/02\/champery1_05-1-1.jpg&#8221; alt=&#8221;champ\u00e9ry&#8221; _builder_version=&#8221;4.16&#8243; _module_preset=&#8221;default&#8221; width=&#8221;90%&#8221; module_alignment=&#8221;center&#8221; global_colors_info=&#8221;{}&#8221;][\/et_pb_image][et_pb_text _builder_version=&#8221;4.16&#8243; _module_preset=&#8221;default&#8221; header_2_font=&#8221;|||on|||||&#8221; global_colors_info=&#8221;{}&#8221;]<\/p>\n<h2>Reportage TF1 sur le Valais<\/h2>\n<p>[\/et_pb_text][et_pb_text _builder_version=&#8221;4.27.4&#8243; text_font_size=&#8221;15px&#8221; background_size=&#8221;initial&#8221; background_position=&#8221;top_left&#8221; background_repeat=&#8221;repeat&#8221; global_colors_info=&#8221;{}&#8221;]Consid\u00e9r\u00e9 comme l\u2019un des plus beaux cantons de Suisse, Le Valais a \u00e9t\u00e9 \u00e0 l\u2019honneur pendant quelques minutes pour cinq millions de t\u00e9l\u00e9spectateurs lors du \u00ab20 heures \u00bb de TF1\u00a0le soir du mercredi 29 juillet.<\/p>\n<p>En effet, ce soir-l\u00e0 le journal t\u00e9l\u00e9vis\u00e9 de la premi\u00e8re cha\u00eene fran\u00e7aise a diffus\u00e9 un superbe reportage de quatre minutes sur les merveilles qui regorgent dans le canton Valaisan :\u00a0lien du Reportage Tf1 sur le Valais ici.<\/p>\n<p>Un extrait seulement de la beaut\u00e9 et des richesses naturelles et culturelles que le canton peut offrir \u00e0 ces visiteurs mais tout m\u00eame TF1 a distinctement encourag\u00e9 les fran\u00e7ais \u00e0 visiter le canton via des prises de vues dignes de carte postale.<\/p>\n<p>Un parcours qui d\u00e9bute avec \u00ab\u00a0la fiert\u00e9 des habitants du valais\u00a0\u00bb et le symbole de la suisse le Cervin. \u00a0Vues \u00e9poustouflantes\u00a0: \u00ab\u00a0Incroyablement beau\u00a0\u00bb t\u00e9moigne un visiteur.[\/et_pb_text][et_pb_image src=&#8221;https:\/\/www.miggins.ch\/wp-content\/uploads\/2020\/08\/cervin-2000&#215;1174.jpg&#8221; alt=&#8221;Matterhorn Mountain&#8221; _builder_version=&#8221;4.16&#8243; _module_preset=&#8221;default&#8221; width=&#8221;80%&#8221; module_alignment=&#8221;center&#8221; global_colors_info=&#8221;{}&#8221;][\/et_pb_image][et_pb_text _builder_version=&#8221;4.16&#8243; text_font_size=&#8221;15px&#8221; background_size=&#8221;initial&#8221; background_position=&#8221;top_left&#8221; background_repeat=&#8221;repeat&#8221; global_colors_info=&#8221;{}&#8221;]<\/p>\n<p>En effet, on rappelle que 46&nbsp;sommets de 4 000 m\u00e8tres&nbsp;d&#8217;altitude&nbsp;sont situ\u00e9s sur les terres valaisannes, dont le&nbsp;Cervin&nbsp;et la&nbsp;pointe Dufour, plus haut sommet de Suisse.<\/p>\n<p>D\u2019autres incontournables du Valais sont pr\u00e9sent\u00e9s \u00e0 leurs tours et b\u00e9n\u00e9ficient chacun d\u2019un joli coups de projecteurs&nbsp;: &nbsp;le barrage de la grande Dixence plus haut barrage d\u2019Europe situ\u00e9 sur la commune d&#8217;H\u00e9r\u00e9mence, le Lac Saint L\u00e9onard plus vaste lac sous terrain d\u2019Europe, et enfin le Val d\u2019H\u00e9rens et Evol\u00e8ne.<\/p>\n<p>[\/et_pb_text][\/et_pb_column][\/et_pb_row][et_pb_row column_structure=&#8221;1_2,1_2&#8243; _builder_version=&#8221;4.16&#8243; _module_preset=&#8221;default&#8221; custom_margin=&#8221;0px||0px||true|false&#8221; custom_padding=&#8221;0px||0px||true|false&#8221; global_colors_info=&#8221;{}&#8221;][et_pb_column type=&#8221;1_2&#8243; _builder_version=&#8221;4.16&#8243; _module_preset=&#8221;default&#8221; global_colors_info=&#8221;{}&#8221;][et_pb_image src=&#8221;https:\/\/www.miggins.ch\/wp-content\/uploads\/2020\/08\/image.jpg&#8221; alt=&#8221;Dam&#8221; _builder_version=&#8221;4.16&#8243; _module_preset=&#8221;default&#8221; custom_margin=&#8221;0px||0px||true|false&#8221; custom_padding=&#8221;50px||||false|false&#8221; global_colors_info=&#8221;{}&#8221;][\/et_pb_image][\/et_pb_column][et_pb_column type=&#8221;1_2&#8243; _builder_version=&#8221;4.16&#8243; _module_preset=&#8221;default&#8221; global_colors_info=&#8221;{}&#8221;][et_pb_text _builder_version=&#8221;4.25.2&#8243; text_font_size=&#8221;15px&#8221; background_size=&#8221;initial&#8221; background_position=&#8221;top_left&#8221; background_repeat=&#8221;repeat&#8221; global_colors_info=&#8221;{}&#8221;]<\/p>\n<p>Chez <a href=\"https:\/\/www.miggins.ch\/fr\/\" target=\"_blank\" rel=\"noopener\">\u00a0Mrs Miggins<\/a> et <a href=\"https:\/\/alplifestyle.com\/\" target=\"_blank\" rel=\"noopener\">Alpine Lifestyle Partners<\/a> nous proposons d\u2019ajouter \u00e0 ce merveilleux programme une \u00e9tape \u00e0 Champ\u00e9ry d\u2019o\u00f9 l\u2019on peut admirer les Dents du Midi \u00e0 3257m2 et profiter de l\u2019immense domaine des portes du Soleil avec ses 650\u00a0km\u00a0de pistes en ski alpin en hiver et 600 km de sentiers VTT balis\u00e9s en \u00e9t\u00e9.<\/p>\n<p>Puis une tout derni\u00e8re \u00e9tape de ce parcours mais pas la moins vibrante\u00a0: \u00a0<a href=\"https:\/\/www.valdanniviers.ch\/fr\/\" target=\"_blank\" rel=\"noopener\">le Val d\u2019Anniviers<\/a>\u00a0! R\u00e9compens\u00e9 \u00e0 plusieurs reprises (<a href=\"http:\/\/edition.cnn.com\/travel\/article\/europes-best-hidden-ski-resorts\/index.html\" target=\"_blank\" rel=\"noopener\">TOP 10 des meilleurs domaines skiables par CNN<\/a>, <a href=\"https:\/\/edition.cnn.com\/travel\/article\/europes-best-hidden-ski-resorts\/index.html\" target=\"_blank\" rel=\"noopener\">1ere place des tr\u00e9sors cach\u00e9s d\u2019Europe<\/a>, \u00e9toile d\u2019Or pour le fromage \u00e0 Raclette\u2026) et plus particuli\u00e8rement le village de Grimentz, synth\u00e8se parfaite entre authenticit\u00e9, chalets en bois typiques avec ses g\u00e9raniums au balcon et ses vall\u00e9es pr\u00e9serv\u00e9es.<\/p>\n<p>[\/et_pb_text][\/et_pb_column][\/et_pb_row][et_pb_row _builder_version=&#8221;4.16&#8243; _module_preset=&#8221;default&#8221; global_colors_info=&#8221;{}&#8221;][et_pb_column type=&#8221;4_4&#8243; _builder_version=&#8221;4.16&#8243; _module_preset=&#8221;default&#8221; global_colors_info=&#8221;{}&#8221;][et_pb_text _builder_version=&#8221;4.16&#8243; text_font_size=&#8221;15px&#8221; background_size=&#8221;initial&#8221; background_position=&#8221;top_left&#8221; background_repeat=&#8221;repeat&#8221; custom_margin=&#8221;0px||||false|false&#8221; custom_padding=&#8221;0px||0px||true|false&#8221; global_colors_info=&#8221;{}&#8221;]<\/p>\n<p>Les embl\u00e9matique combats de reines et bien sur la raclette ne sont pas oubli\u00e9s par la chaine fran\u00e7aise et l\u2019on esp\u00e8re tous ici en Valais que cette mise en lumi\u00e8re de ce paradis sur terre sera le catalyseur de nombreuses visites car, comme mentionn\u00e9 dans le reportage&nbsp;: il est difficile de r\u00e9sister \u00e0 une si belle invitation.<\/p>\n<p>[\/et_pb_text][\/et_pb_column][\/et_pb_row][\/et_pb_section]<\/p>\n","protected":false},"excerpt":{"rendered":"<p>Considered one of the most beautiful cantons in Switzerland, The canton of Valais was in the spotlight for a few minutes for five million viewers during TF1&#8217;s &#8220;20h00.&#8221; on the evening of Wednesday July 29. Indeed, that evening the television news of the first French channel broadcasted a superb four-minute report on the wonders that [&hellip;]<\/p>\n","protected":false},"author":3,"featured_media":0,"comment_status":"closed","ping_status":"closed","sticky":false,"template":"","format":"standard","meta":{"_et_pb_use_builder":"on","_et_pb_old_content":"<h3>Reportage TF1 sur le Valais<\/h3>\r\n<img class=\"wp-image-2158 aligncenter\" src=\"http:\/\/www.miggins.ch\/wp-content\/uploads\/2020\/08\/evasion-a-la-decouverte-du-valais-suisse-20200729-2355-00dfef-0@1x-300x180.jpg\" alt=\"\" width=\"350\" height=\"210\">\r\n\r\nConsid\u00e9r\u00e9 comme l\u2019un des plus beaux cantons de Suisse, Le Valais a \u00e9t\u00e9 \u00e0 l\u2019honneur pendant quelques minutes pour cinq millions de t\u00e9l\u00e9spectateurs lors du \u00ab20 heures \u00bb de TF1\u00a0le soir du mercredi 29 juillet\r\n\r\nEn effet, ce soir-l\u00e0 le journal t\u00e9l\u00e9vis\u00e9 de la premi\u00e8re cha\u00eene fran\u00e7aise a diffus\u00e9 un superbe reportage de quatre minutes sur les merveilles qui regorgent dans le canton Valaisan :\u00a0<a href=\"https:\/\/www.tf1.fr\/tf1\/jt-20h\/videos\/evasion-a-la-decouverte-du-valais-suisse-48260331.html\" target=\"_blank\" rel=\"noopener\">lien du Reportage Tf1 sur le Valais ici<\/a>\r\n\r\n\u00a0\r\n\r\nUn extrait seulement de la beaut\u00e9 et des richesses naturelles et culturelles que le canton peut offrir \u00e0 ces visiteurs mais tout m\u00eame TF1 a distinctement encourag\u00e9 les fran\u00e7ais \u00e0 visiter le canton via des prises de vues dignes de carte postale\r\n\r\nUn parcours qui d\u00e9bute avec \u00ab\u00a0la fiert\u00e9 des habitants du valais\u00a0\u00bb et le symbole de la suisse le Cervin. \u00a0Vues \u00e9poustouflantes\u00a0: \u00ab\u00a0Incroyablement beau\u00a0\u00bb t\u00e9moigne un visiteur\r\n\r\n<img class=\" wp-image-2159 aligncenter\" src=\"http:\/\/www.miggins.ch\/wp-content\/uploads\/2020\/08\/cervin-2000x1174-300x176.jpg\" alt=\"\" width=\"331\" height=\"194\">\r\n\r\nEn effet, on rappelle que 46\u00a0sommets de 4 000 m\u00e8tres\u00a0d'altitude\u00a0sont situ\u00e9s sur les terres valaisannes, dont le\u00a0Cervin\u00a0et la\u00a0pointe Dufour, plus haut sommet de Suisse\r\n\r\nD\u2019autres incontournables du Valais sont pr\u00e9sent\u00e9s \u00e0 leurs tours et b\u00e9n\u00e9ficient chacun d\u2019un joli coups de projecteurs\u00a0: \u00a0le barrage de la grande Dixence plus haut barrage d\u2019Europe situ\u00e9 sur la commune d'H\u00e9r\u00e9mence, le Lac Saint L\u00e9onard plus vaste lac sous terrain d\u2019Europe, et enfin le Val d\u2019H\u00e9rens et Evol\u00e8ne\r\n\r\n<img class=\" wp-image-2161 aligncenter\" src=\"http:\/\/www.miggins.ch\/wp-content\/uploads\/2020\/08\/image-300x185.jpg\" alt=\"\" width=\"337\" height=\"208\">\r\n\r\nChez <a href=\"https:\/\/www.miggins.ch\/fr\/\" target=\"_blank\" rel=\"noopener\">\u00a0Mrs Miggins<\/a> et <a href=\"https:\/\/alplifestyle.com\/\" target=\"_blank\" rel=\"noopener\">Alpine Lifestyle Partners<\/a> nous proposons d\u2019ajouter \u00e0 ce merveilleux programme une \u00e9tape \u00e0 Champ\u00e9ry d\u2019o\u00f9 l\u2019on peut admirer les Dents du Midi \u00e0 3257m2 et profiter de l\u2019immense domaine des portes du Soleil avec ses 650\u00a0km\u00a0de pistes en ski alpin en hiver et 600 km de sentiers VTT balis\u00e9s en \u00e9t\u00e9\r\n\r\n<img class=\"wp-image-308 aligncenter\" src=\"http:\/\/www.miggins.ch\/wp-content\/uploads\/2016\/10\/champery-coralpes-300x200.jpg\" alt=\"\" width=\"357\" height=\"238\">\r\n\r\nPuis une tout derni\u00e8re \u00e9tape de ce parcours mais pas la moins vibrante\u00a0: \u00a0<a href=\"https:\/\/www.valdanniviers.ch\/fr\/homepage.html\" target=\"_blank\" rel=\"noopener\">le Val d\u2019Anniviers<\/a>\u00a0! R\u00e9compens\u00e9 \u00e0 plusieurs reprises (<a href=\"https:\/\/edition.cnn.com\/travel\/article\/alpine-ski-resorts\/index.html\" target=\"_blank\" rel=\"noopener\">TOP 10 des meilleurs domaines skiables par CNN<\/a>, <a href=\"http:\/\/edition.cnn.com\/travel\/article\/europes-best-hidden-ski-resorts\/index.html\" target=\"_blank\" rel=\"noopener\">1ere place des tr\u00e9sors cach\u00e9s d\u2019Europe<\/a>, <a href=\"http:\/\/chrome-extension:\/\/oemmndcbldboiebfnladdacbdfmadadm\/https:\/\/www.valdanniviers.ch\/data\/anniviers\/documents\/Prix_distinctions\/Fromagerie_distinction.pdf\" target=\"_blank\" rel=\"noopener\">\u00e9toile d\u2019Or pour le fromage \u00e0 Raclette<\/a>\u2026) et plus particuli\u00e8rement le village de Grimentz, synth\u00e8se parfaite entre authenticit\u00e9, chalets en bois typiques avec ses g\u00e9raniums au balcon et ses vall\u00e9es pr\u00e9serv\u00e9es\r\n\r\n<img class=\"wp-image-1225 aligncenter\" src=\"http:\/\/www.miggins.ch\/wp-content\/uploads\/2016\/10\/Moirya1c3ee11bb85bb95e9dda732747151eb-1-300x169.jpg\" alt=\"\" width=\"337\" height=\"190\">\r\n\r\nLes embl\u00e9matique combats de reines et bien sur la raclette ne sont pas oubli\u00e9s par la chaine fran\u00e7aise et l\u2019on esp\u00e8re tous ici en Valais que cette mise en lumi\u00e8re de ce paradis sur terre sera le catalyseur de nombreuses visites car, comme mentionn\u00e9 dans le reportage\u00a0: il est difficile de r\u00e9sister \u00e0 une si belle invitation\r\n\r\n.....\r\n\r\nConsidered one of the most beautiful cantons in Switzerland, The canton of Valais was in the spotlight for a few minutes for five million viewers during TF1's \"20h00.\" on the evening of Wednesday July 29\r\n\r\nIndeed, that evening the television news of the first French channel broadcasted a superb four-minute report on the wonders that abound in the canton of Valais. <a href=\"https:\/\/www.tf1.fr\/tf1\/jt-20h\/videos\/evasion-a-la-decouverte-du-valais-suisse-48260331.html\" target=\"_blank\" rel=\"noopener\">link of the report here<\/a>\r\n\r\n<img class=\" wp-image-327 aligncenter\" src=\"http:\/\/www.miggins.ch\/wp-content\/uploads\/2016\/10\/14990202490_f87233f4c4_o-300x169.jpg\" alt=\"\" width=\"350\" height=\"197\">\r\n\r\nAn extract only of the beauty and the natural and cultural riches that the canton has to offer, TF1 has particularly encouraged the French to visit the canton of Valais via postcard-worthy shots\r\n\r\nThe suggested route begins with \"the pride of the locals\" and the symbol of Switzerland, the Matterhorn. Breathtaking views: \"Incredibly beautiful\" testifies a visitor.Indeed, it should be remembered that 46 peaks of 4000 meters are in the Canton of Valais, including of course the Matterhorn and Pointe Dufour, the highest peak in Switzerland\r\n\r\n<img class=\" wp-image-2163 aligncenter\" src=\"http:\/\/www.miggins.ch\/wp-content\/uploads\/2020\/08\/gerry-hofstetter-cervin-suisse-espoir-coronavirus-home-12-300x168.png\" alt=\"\" width=\"321\" height=\"180\">\r\n\r\nOther unmissable in Valais are presented in their turn and each benefit from a nice spotlight: the Grande Dixence dam which is no less that the highest dam in Europe located in the town of H\u00e9r\u00e9mence, the Lac Saint L\u00e9onard, the largest underground lake Europe, and finally the Val d'H\u00e9rens and Evol\u00e8ne\r\n\r\n<img class=\"size-medium wp-image-2162 aligncenter\" src=\"http:\/\/www.miggins.ch\/wp-content\/uploads\/2020\/08\/16797938_1611899302158701_3049503486856318015_o-300x193.jpg\" alt=\"\" width=\"300\" height=\"193\">\r\n\r\nAt <a href=\"https:\/\/www.miggins.ch\/fr\/\" target=\"_blank\" rel=\"noopener\">Mrs Miggins<\/a> and <a href=\"https:\/\/alplifestyle.com\/\" target=\"_blank\" rel=\"noopener\">Alpine Lifestyle Partners<\/a> we also suggest to our guests to add to this wonderful program a stay in Champ\u00e9ry from where you can admire the Dents du Midi at 3257m2 and enjoy the immense Portes du Soleil area with its 650 km of downhill ski slopes in winter and 600 km of marked mountain bike trails in summer\r\n\r\n<img class=\"wp-image-320 aligncenter\" src=\"http:\/\/www.miggins.ch\/wp-content\/uploads\/2016\/10\/vtt-lelodge-300x200.jpg\" alt=\"\" width=\"356\" height=\"237\">\r\n\r\nThen a very last stage of this tour, but not the least vibrant: the Val d'Anniviers!Awarded several times <a href=\"https:\/\/edition.cnn.com\/travel\/article\/alpine-ski-resorts\/index.html\" target=\"_blank\" rel=\"noopener\">(TOP 10 of the prettiest ski resorts by CNN,<\/a> <a href=\"http:\/\/edition.cnn.com\/travel\/article\/europes-best-hidden-ski-resorts\/index.html\" target=\"_blank\" rel=\"noopener\">1st place for hidden ski resorts in Europe you should uncover<\/a>, <a href=\"http:\/\/chrome-extension:\/\/oemmndcbldboiebfnladdacbdfmadadm\/https:\/\/www.valdanniviers.ch\/data\/anniviers\/documents\/Prix_distinctions\/Fromagerie_distinction.pdf\" target=\"_blank\" rel=\"noopener\">Gold star for Raclette cheese<\/a> ...) and more particularly the village of Grimentz, perfect synthesis between authenticity, wooden chalets typical with its geraniums on the balcony and its unspoiled valleys\r\n\r\n<img class=\"wp-image-1866 aligncenter\" src=\"http:\/\/www.miggins.ch\/wp-content\/uploads\/2018\/08\/IMG_20180816_160639-236x300.jpg\" alt=\"\" width=\"245\" height=\"311\">\r\n\r\nThe emblematic queen fights (cows fights) and of course raclette (typical swiss meal) are not forgotten by the French channel and we all hope here in Valais that this highlighting of this paradise on earth will be the catalyst for many visits because, as mentioned in the report : It is difficult to resist such a beautiful invitation\r\n\r\n\u00a0","_et_gb_content_width":"","ngg_post_thumbnail":0,"_jetpack_memberships_contains_paid_content":false,"footnotes":""},"categories":[44,11],"tags":[],"class_list":["post-2157","post","type-post","status-publish","format-standard","hentry","category-champery","category-grimentz"],"jetpack_featured_media_url":"","jetpack_sharing_enabled":true,"_links":{"self":[{"href":"https:\/\/www.miggins.ch\/de\/wp-json\/wp\/v2\/posts\/2157"}],"collection":[{"href":"https:\/\/www.miggins.ch\/de\/wp-json\/wp\/v2\/posts"}],"about":[{"href":"https:\/\/www.miggins.ch\/de\/wp-json\/wp\/v2\/types\/post"}],"author":[{"embeddable":true,"href":"https:\/\/www.miggins.ch\/de\/wp-json\/wp\/v2\/users\/3"}],"replies":[{"embeddable":true,"href":"https:\/\/www.miggins.ch\/de\/wp-json\/wp\/v2\/comments?post=2157"}],"version-history":[{"count":10,"href":"https:\/\/www.miggins.ch\/de\/wp-json\/wp\/v2\/posts\/2157\/revisions"}],"predecessor-version":[{"id":10887,"href":"https:\/\/www.miggins.ch\/de\/wp-json\/wp\/v2\/posts\/2157\/revisions\/10887"}],"wp:attachment":[{"href":"https:\/\/www.miggins.ch\/de\/wp-json\/wp\/v2\/media?parent=2157"}],"wp:term":[{"taxonomy":"category","embeddable":true,"href":"https:\/\/www.miggins.ch\/de\/wp-json\/wp\/v2\/categories?post=2157"},{"taxonomy":"post_tag","embeddable":true,"href":"https:\/\/www.miggins.ch\/de\/wp-json\/wp\/v2\/tags?post=2157"}],"curies":[{"name":"wp","href":"https:\/\/api.w.org\/{rel}","templated":true}]}}