{"id":2176,"date":"2020-08-28T17:06:28","date_gmt":"2020-08-28T15:06:28","guid":{"rendered":"http:\/\/www.miggins.ch\/?p=2176"},"modified":"2026-03-19T09:45:06","modified_gmt":"2026-03-19T08:45:06","slug":"sierre-zinal","status":"publish","type":"post","link":"https:\/\/www.miggins.ch\/fr\/sierre-zinal\/","title":{"rendered":"Sierre Zinal"},"content":{"rendered":"\n\n[et_pb_section fb_built=&#8221;1&#8243; _builder_version=&#8221;4.9.4&#8243; custom_margin=&#8221;0px||||false|false&#8221; custom_padding=&#8221;0px||0px||true|false&#8221;][et_pb_row _builder_version=&#8221;4.9.4&#8243; background_size=&#8221;initial&#8221; background_position=&#8221;top_left&#8221; background_repeat=&#8221;repeat&#8221; custom_margin=&#8221;0px||0px||true|false&#8221; custom_padding=&#8221;0px||0px||true|false&#8221;][et_pb_column type=&#8221;4_4&#8243; _builder_version=&#8221;3.25&#8243; custom_padding=&#8221;|||&#8221; custom_padding__hover=&#8221;|||&#8221;][et_pb_image src=&#8221;https:\/\/www.miggins.ch\/wp-content\/uploads\/2020\/08\/95143719_1462992927206088_7603437684224163840_o.jpg&#8221; alt=&#8221;Sierre Zinal&#8221; _builder_version=&#8221;4.9.4&#8243; _module_preset=&#8221;default&#8221; width=&#8221;60%&#8221; module_alignment=&#8221;center&#8221; custom_margin=&#8221;0px||||false|false&#8221; custom_padding=&#8221;0px||0px||true|false&#8221;][\/et_pb_image][et_pb_text _builder_version=&#8221;4.9.4&#8243; background_size=&#8221;initial&#8221; background_position=&#8221;top_left&#8221; background_repeat=&#8221;repeat&#8221; hover_enabled=&#8221;0&#8243; text_font_size=&#8221;15px&#8221; sticky_enabled=&#8221;0&#8243;]<h2>Sierre Zinal 2020<\/h2>\n<p>Sierre Zinal is the first mountain race of its kind, which was held for the first time in 1974.&nbsp;&nbsp;It is thus the oldest race of the kind in Europe.<\/p>\n<p>One of the world\u2019s most scenic mountain running trails, Sierre-Zinal has been hailed as the \u201cNew York Marathon\u201d of mountain races.&nbsp; It 31 kilometers 2200 meters up, 1100 meters down, along the Couronne Imp\u00e9rial, with its breathtaking backdrop of 5 four-thousand-meters peaks. By the way the Matterhorn is also part of it. There was a lot of thinking back and forth this year whether the 47th edition should be cancelled because of Covid? But how often in tense times creative solutions are found.<\/p>\n<p>The run will now take place over a month, with a maximum of 300 participants per day.<\/p>\n<p>Since the opening of Les Rahas at the end of 2015, some of our guests have already decided to tackle the course, and even more to overcome themselves. This year, it is one of our owners has taken up this challenge. She has prepared herself for a long time. This included a training camp with the former winner and director of the race Tarcis Ancay. But until a couple of days before, she had to keep on worrying if Covid would ruin all the effort for this year?&nbsp; Which were the best moments? Spectators who had provided small snacks and drinks at the Hotel Weisshorn and their cheers on the last kilometers before the finish. Giving up was never an option, as she knew full well that she would still have to finish the course on foot anyway.<\/p>\n<p>Congratulations and now enjoy relaxing days at Les Rahas.<\/p>[\/et_pb_text][et_pb_image src=&#8221;https:\/\/www.miggins.ch\/wp-content\/uploads\/2020\/08\/105978875_1510004639171583_8844672359544767334_o.jpg&#8221; alt=&#8221;Sierre Zinal&#8221; _builder_version=&#8221;4.9.4&#8243; _module_preset=&#8221;default&#8221; width=&#8221;40%&#8221; module_alignment=&#8221;center&#8221; custom_margin=&#8221;0px||||false|false&#8221; custom_padding=&#8221;0px||0px||true|false&#8221;][\/et_pb_image][et_pb_text _builder_version=&#8221;4.9.4&#8243; background_size=&#8221;initial&#8221; background_position=&#8221;top_left&#8221; background_repeat=&#8221;repeat&#8221; hover_enabled=&#8221;0&#8243; text_font_size=&#8221;15px&#8221; sticky_enabled=&#8221;0&#8243;]<h2>Sierre Zinal 2020<\/h2>\n<p>Sierre Zinal est la premi\u00e8re course de montagne de ce genre, organis\u00e9e pour la premi\u00e8re fois en 1974.&nbsp;Elle est donc la doyenne des grandes \u00e9preuves de montagne d\u2019Europe<\/p>\n<p>La Course Sierre-Zinal, aussi appel\u00e9e la Course des cinq 4000, a souvent \u00e9t\u00e9 consid\u00e9r\u00e9e comme l\u2019une des plus belles courses de montagne du monde<\/p>\n<p>31 kilom\u00e8tres, 2200 m\u00e8tres de mont\u00e9e, 1100 m\u00e8tres de descente, au pied de 5 sommets de quatre mille m\u00e8tres, dont la Couronne Imp\u00e9riale. Le Cervin en fait \u00e9galement partie. Il y a eu beaucoup de va-et-vient cette ann\u00e9e, la 47e \u00e9dition devrait-elle \u00eatre annul\u00e9e \u00e0 cause de Covid.<\/p>\n<p>Mais combien de fois dans les moments de tension des solutions cr\u00e9atives ont \u00e9t\u00e9 trouv\u00e9es.<\/p>\n<p>La course se d\u00e9roulera cette ann\u00e9e sur un mois, avec un maximum de 300 participants par jour.<\/p>\n<p>Depuis l&#8217;ouverture des Rahas fin 2015, certains de nos h\u00f4tes sont d\u00e9j\u00e0 partis \u00e0 la conqu\u00eate du parcours, mais plus encore \u00e0 la conqu\u00eate d\u2019eux-m\u00eames. Finalement cette ann\u00e9e, l&#8217;un des propri\u00e9taires a \u00e9galement relev\u00e9 le d\u00e9fi. Elle s&#8217;est pr\u00e9par\u00e9e depuis longtemps. Cela comprenait un camp d&#8217;entra\u00eenement avec l&#8217;ancien vainqueur et directeur de la course Tarcis Ancay.<\/p>[\/et_pb_text][et_pb_image src=&#8221;https:\/\/www.miggins.ch\/wp-content\/uploads\/2020\/08\/116372730_1541349256037121_1542007137087853839_o.jpg&#8221; alt=&#8221;Sierre Zinal&#8221; _builder_version=&#8221;4.9.4&#8243; _module_preset=&#8221;default&#8221; width=&#8221;60%&#8221; module_alignment=&#8221;center&#8221; custom_margin=&#8221;0px||||false|false&#8221; custom_padding=&#8221;0px||0px||true|false&#8221;][\/et_pb_image][et_pb_text _builder_version=&#8221;4.9.4&#8243; background_size=&#8221;initial&#8221; background_position=&#8221;top_left&#8221; background_repeat=&#8221;repeat&#8221; hover_enabled=&#8221;0&#8243; text_font_size=&#8221;15px&#8221; sticky_enabled=&#8221;0&#8243;]<p>Jusqu\u2019au dernier jour, elle a d\u00fb s&#8217;inqui\u00e9ter si la Covid allait ruiner tous les efforts pour cette ann\u00e9e; Quels ont \u00e9t\u00e9 les meilleurs moments? Les spectateurs qui ont organis\u00e9 un ravitaillement \u00e0 l&#8217;h\u00f4tel Weisshorn et leurs encouragements sur les derniers kilom\u00e8tres avant l&#8217;arriv\u00e9e. L&#8217;abandon n&#8217;a jamais \u00e9t\u00e9 une option, car elle savait tr\u00e8s bien qu&#8217;elle devrait de toute fa\u00e7on terminer la course \u00e0 pied.<\/p>\n<p>F\u00e9licitations et maintenant des belles journ\u00e9es de d\u00e9tente \u00e0 Les Rah\u00e2s.<\/p>[\/et_pb_text][et_pb_image src=&#8221;https:\/\/www.miggins.ch\/wp-content\/uploads\/2020\/08\/PHOTO-2020-08-23-08-32-28.jpg&#8221; alt=&#8221;Sierre Zinal&#8221; _builder_version=&#8221;4.9.4&#8243; _module_preset=&#8221;default&#8221; width=&#8221;60%&#8221; module_alignment=&#8221;center&#8221; custom_margin=&#8221;0px||||false|false&#8221; custom_padding=&#8221;30px||0px||false|false&#8221;][\/et_pb_image][et_pb_text _builder_version=&#8221;4.9.4&#8243; background_size=&#8221;initial&#8221; background_position=&#8221;top_left&#8221; background_repeat=&#8221;repeat&#8221; custom_padding=&#8221;20px||||false|false&#8221;]<h2>Sierre Zinal 2020<\/h2>[\/et_pb_text][et_pb_text _builder_version=&#8221;4.9.4&#8243; background_size=&#8221;initial&#8221; background_position=&#8221;top_left&#8221; background_repeat=&#8221;repeat&#8221; hover_enabled=&#8221;0&#8243; text_font_size=&#8221;15px&#8221; sticky_enabled=&#8221;0&#8243;]<p>Sierre Zinal ist das erste Bergrennen seiner Art, das 1974 zum ersten Mal stattfand. Auf 31 Kilometer 2200 Meter hinauf, 1100 Meter hinab, vor der atemraubenden Kulisse 5 Viertausender Gipfel &#8211; der Couronne Imp\u00e9rial. Das Matterhorn geh\u00f6rt auch \u00fcbrigens dazu. Es wurde viel hin und her \u00fcberlegt dieses Jahr und abgewogen, ob die 47. Ausgabe wegen Covid annulliert werden sollte oder musste? Doch wie oft in angespannten Zeiten werden kreative L\u00f6sungen gefunden. Der Lauf findet nun \u00fcber einen Monat hinweg statt, mit maximal 300 Teilnehmern pro Tag.<\/p>\n<p>Seit Er\u00f6ffnung von Les Rahas Ende 2015 haben schon einige unserer G\u00e4ste sich auf den Weg gemacht die Strecke aber noch mehr sich selbst zu bezwingen. Doch in diesem Jahr hat sich auch eine Eigent\u00fcmerin dieser Herausforderung gestellt. Sie hat sich lange darauf vorbereitet. Dazu geh\u00f6rte auch ein Trainingscamp beim ehemaligen Gewinner und Direktor des Rennens Tarcis Ancay.<\/p>\n<p>Doch musste sie bis zum Schluss immer wieder bangen, ob Covid all die M\u00fche f\u00fcr dieses Jahr zunichtemachen sollte?&nbsp; Welches die sch\u00f6nsten Momente waren? Zuschauer, die am Hotel Weisshorn f\u00fcr einen kleinen Imbiss und Getr\u00e4nke gesorgt hatten und ihre Anfeuerungsrufe auf den letzten Kilometern vor dem Ziel. Aufgeben war nie eine Option, wusste sie doch ganz genau, dass sie dennoch die Strecke zu Fuss beenden muss.<\/p>[\/et_pb_text][\/et_pb_column][\/et_pb_row][\/et_pb_section]\n\n","protected":false},"excerpt":{"rendered":"<p>Sierre Zinal 2020 Sierre Zinal is the first mountain race of its kind, which was held for the first time in 1974.&nbsp;&nbsp;It is thus the oldest race of the kind in Europe. One of the world\u2019s most scenic mountain running trails, Sierre-Zinal has been hailed as the \u201cNew York Marathon\u201d of mountain races.&nbsp; It 31 [&hellip;]<\/p>\n","protected":false},"author":3,"featured_media":2179,"comment_status":"closed","ping_status":"closed","sticky":false,"template":"","format":"standard","meta":{"_et_pb_use_builder":"on","_et_pb_old_content":"<h3>Sierre Zinal 2020<\/h3>\n<img class=\"size-medium wp-image-2180 aligncenter\" src=\"http:\/\/www.miggins.ch\/wp-content\/uploads\/2020\/08\/105978875_1510004639171583_8844672359544767334_o-210x300.jpg\" alt=\"\" width=\"210\" height=\"300\">\n\nSierre Zinal est la premi\u00e8re course de montagne de ce genre, organis\u00e9e pour la premi\u00e8re fois en 1974.&nbsp;Elle est donc la doyenne des grandes \u00e9preuves de montagne d\u2019Europe\n\nLa Course Sierre-Zinal, aussi appel\u00e9e la Course des cinq 4000, a souvent \u00e9t\u00e9 consid\u00e9r\u00e9e comme l\u2019une des plus belles courses de montagne du monde\n\n31 kilom\u00e8tres, 2200 m\u00e8tres de mont\u00e9e, 1100 m\u00e8tres de descente, au pied de 5 sommets de quatre mille m\u00e8tres, dont la Couronne Imp\u00e9riale. Le Cervin en fait \u00e9galement partie. Il y a eu beaucoup de va-et-vient cette ann\u00e9e, la 47e \u00e9dition devrait-elle \u00eatre annul\u00e9e \u00e0 cause de Covid\n\nMais combien de fois dans les moments de tension des solutions cr\u00e9atives ont \u00e9t\u00e9 trouv\u00e9es\n\nLa course se d\u00e9roulera cette ann\u00e9e sur un mois, avec un maximum de 300 participants par jour\n\nDepuis l'ouverture des Rahas fin 2015, certains de nos h\u00f4tes sont d\u00e9j\u00e0 partis \u00e0 la conqu\u00eate du parcours, mais plus encore \u00e0 la conqu\u00eate d\u2019eux-m\u00eames. Finalement cette ann\u00e9e, l'un des propri\u00e9taires a \u00e9galement relev\u00e9 le d\u00e9fi. Elle s'est pr\u00e9par\u00e9e depuis longtemps. Cela comprenait un camp d'entra\u00eenement avec l'ancien vainqueur et directeur de la course Tarcis Ancay\n\n<img class=\"size-medium wp-image-2182 aligncenter\" src=\"http:\/\/www.miggins.ch\/wp-content\/uploads\/2020\/08\/116372730_1541349256037121_1542007137087853839_o-300x300.jpg\" alt=\"\" width=\"300\" height=\"300\">\n\nJusqu\u2019au dernier jour, elle a d\u00fb s'inqui\u00e9ter si la Covid allait ruiner tous les efforts pour cette ann\u00e9e; Quels ont \u00e9t\u00e9 les meilleurs moments? Les spectateurs qui ont organis\u00e9 un ravitaillement \u00e0 l'h\u00f4tel Weisshorn et leurs encouragements sur les derniers kilom\u00e8tres avant l'arriv\u00e9e. L'abandon n'a jamais \u00e9t\u00e9 une option, car elle savait tr\u00e8s bien qu'elle devrait de toute fa\u00e7on terminer la course \u00e0 pied\n\nF\u00e9licitations et maintenant des belles journ\u00e9es de d\u00e9tente \u00e0 Les Rah\u00e2s\n<h3>Sierre Zinal 2020<\/h3>\n<img class=\"size-medium wp-image-2181 aligncenter\" src=\"http:\/\/www.miggins.ch\/wp-content\/uploads\/2020\/08\/PHOTO-2020-08-23-08-32-28-225x300.jpg\" alt=\"\" width=\"225\" height=\"300\">\n\nSierre Zinal ist das erste Bergrennen seiner Art, das 1974 zum ersten Mal stattfand. Auf 31 Kilometer 2200 Meter hinauf, 1100 Meter hinab, vor der atemraubenden Kulisse 5 Viertausender Gipfel - der Couronne Imp\u00e9rial. Das Matterhorn geh\u00f6rt auch \u00fcbrigens dazu. Es wurde viel hin und her \u00fcberlegt dieses Jahr und abgewogen, ob die 47. Ausgabe wegen Covid annulliert werden sollte oder musste? Doch wie oft in angespannten Zeiten werden kreative L\u00f6sungen gefunden. Der Lauf findet nun \u00fcber einen Monat hinweg statt, mit maximal 300 Teilnehmern pro Tag\n\nSeit Er\u00f6ffnung von Les Rahas Ende 2015 haben schon einige unserer G\u00e4ste sich auf den Weg gemacht die Strecke aber noch mehr sich selbst zu bezwingen. Doch in diesem Jahr hat sich auch eine Eigent\u00fcmerin dieser Herausforderung gestellt. Sie hat sich lange darauf vorbereitet. Dazu geh\u00f6rte auch ein Trainingscamp beim ehemaligen Gewinner und Direktor des Rennens Tarcis Ancay\n\nDoch musste sie bis zum Schluss immer wieder bangen, ob Covid all die M\u00fche f\u00fcr dieses Jahr zunichtemachen sollte?&nbsp; Welches die sch\u00f6nsten Momente waren? Zuschauer, die am Hotel Weisshorn f\u00fcr einen kleinen Imbiss und Getr\u00e4nke gesorgt hatten und ihre Anfeuerungsrufe auf den letzten Kilometern vor dem Ziel. Aufgeben war nie eine Option, wusste sie doch ganz genau, dass sie dennoch die Strecke zu Fuss beenden muss\n<h3>Sierre Zinal 2020<\/h3>\n<img class=\"size-medium wp-image-2179 aligncenter\" src=\"http:\/\/www.miggins.ch\/wp-content\/uploads\/2020\/08\/95143719_1462992927206088_7603437684224163840_o-300x300.jpg\" alt=\"\" width=\"300\" height=\"300\">\n\nSierre Zinal is the first mountain race of its kind, which was held for the first time in 1974.&nbsp;&nbsp;It is thus the oldest race of the kind in Europe\n\nOne of the world\u2019s most scenic mountain running trails, Sierre-Zinal has been hailed as the \u201cNew York Marathon\u201d of mountain races.&nbsp; It 31 kilometers 2200 meters up, 1100 meters down, along the Couronne Imp\u00e9rial, with its breathtaking backdrop of 5 four-thousand-meters peaks. By the way the Matterhorn is also part of it. There was a lot of thinking back and forth this year whether the 47th edition should be cancelled because of Covid? But how often in tense times creative solutions are found\n\nThe run will now take place over a month, with a maximum of 300 participants per day\n\nSince the opening of Les Rahas at the end of 2015, some of our guests have already decided to tackle the course, and even more to overcome themselves. This year, it is one of our owners has taken up this challenge. She has prepared herself for a long time. This included a training camp with the former winner and director of the race Tarcis Ancay. But until a couple of days before, she had to keep on worrying if Covid would ruin all the effort for this year?&nbsp; Which were the best moments? Spectators who had provided small snacks and drinks at the Hotel Weisshorn and their cheers on the last kilometers before the finish. Giving up was never an option, as she knew full well that she would still have to finish the course on foot anyway\n\nCongratulations and now enjoy relaxing days at Les Rahas\n\n&nbsp;","_et_gb_content_width":"","ngg_post_thumbnail":0,"_jetpack_memberships_contains_paid_content":false,"footnotes":""},"categories":[11],"tags":[],"class_list":["post-2176","post","type-post","status-publish","format-standard","has-post-thumbnail","hentry","category-grimentz"],"jetpack_featured_media_url":"https:\/\/www.miggins.ch\/wp-content\/uploads\/2020\/08\/95143719_1462992927206088_7603437684224163840_o.jpg","jetpack_sharing_enabled":true,"_links":{"self":[{"href":"https:\/\/www.miggins.ch\/fr\/wp-json\/wp\/v2\/posts\/2176"}],"collection":[{"href":"https:\/\/www.miggins.ch\/fr\/wp-json\/wp\/v2\/posts"}],"about":[{"href":"https:\/\/www.miggins.ch\/fr\/wp-json\/wp\/v2\/types\/post"}],"author":[{"embeddable":true,"href":"https:\/\/www.miggins.ch\/fr\/wp-json\/wp\/v2\/users\/3"}],"replies":[{"embeddable":true,"href":"https:\/\/www.miggins.ch\/fr\/wp-json\/wp\/v2\/comments?post=2176"}],"version-history":[{"count":1,"href":"https:\/\/www.miggins.ch\/fr\/wp-json\/wp\/v2\/posts\/2176\/revisions"}],"predecessor-version":[{"id":8639,"href":"https:\/\/www.miggins.ch\/fr\/wp-json\/wp\/v2\/posts\/2176\/revisions\/8639"}],"wp:featuredmedia":[{"embeddable":true,"href":"https:\/\/www.miggins.ch\/fr\/wp-json\/wp\/v2\/media\/2179"}],"wp:attachment":[{"href":"https:\/\/www.miggins.ch\/fr\/wp-json\/wp\/v2\/media?parent=2176"}],"wp:term":[{"taxonomy":"category","embeddable":true,"href":"https:\/\/www.miggins.ch\/fr\/wp-json\/wp\/v2\/categories?post=2176"},{"taxonomy":"post_tag","embeddable":true,"href":"https:\/\/www.miggins.ch\/fr\/wp-json\/wp\/v2\/tags?post=2176"}],"curies":[{"name":"wp","href":"https:\/\/api.w.org\/{rel}","templated":true}]}}